{"id":16371,"date":"2021-07-14T07:12:50","date_gmt":"2021-07-14T06:12:50","guid":{"rendered":"https:\/\/abroens.nl\/wordpress\/?p=16371"},"modified":"2021-08-22T17:11:55","modified_gmt":"2021-08-22T16:11:55","slug":"vlog-in-de-klas-filmleraar","status":"publish","type":"post","link":"https:\/\/abroens.nl\/wordpress\/16371\/vlog-in-de-klas-filmleraar\/","title":{"rendered":"Vlog in de klas (Filmleraar)"},"content":{"rendered":"\n<p class=\"wp-block-paragraph\"><strong>Andr\u00e9 Broens (leerkracht op basisschool Laetare in Lelystad) is&nbsp;<em>Filmleraar van het jaar<\/em>&nbsp;uit regio Midden. Dit artikel beschrijft \u00e9\u00e9n van de manieren waarop Andr\u00e9 film inzet.<\/strong> <\/p>\n\n\n\n<p class=\"has-medium-font-size wp-block-paragraph\">Hoe leuk is het om samen met de leerlingen een vlog te maken. <\/p>\n\n\n\n<p class=\"has-medium-font-size wp-block-paragraph\">Bij ons op school zijn leerlingen gewend om (bijvoorbeeld in de weeksluiting) iets te vertellen over wat ze die week gedaan hebben. Dat kan voor een grote zaal best spannend te zijn. Voor een camera is het toch anders. <\/p>\n\n\n\n<p class=\"has-medium-font-size wp-block-paragraph\">Hieronder zie je onze eerste vlog van jaren geleden. Kinderen vertellen in dit geval iets over een tekenles. Een aantal lessen eigenlijk. Ze moeten taken verdelen en weten wat ze ongeveer gaan zeggen. De leerlingen laten hun eindproduct uiteindelijk trots in de weeksluiting zien. <\/p>\n\n\n\n<figure class=\"wp-block-embed is-type-video is-provider-youtube wp-block-embed-youtube wp-embed-aspect-16-9 wp-has-aspect-ratio\"><div class=\"wp-block-embed__wrapper\">\n<div class=\"epyt-video-wrapper\"><iframe  id=\"_ytid_20210\"  width=\"480\" height=\"270\"  data-origwidth=\"480\" data-origheight=\"270\"  data-relstop=\"1\" src=\"https:\/\/www.youtube.com\/embed\/uA1u_9EvwQ0?enablejsapi=1&#038;autoplay=1&#038;cc_load_policy=0&#038;cc_lang_pref=&#038;iv_load_policy=1&#038;loop=0&#038;rel=0&#038;fs=1&#038;playsinline=0&#038;autohide=2&#038;theme=dark&#038;color=red&#038;controls=1&#038;disablekb=0&#038;\" class=\"__youtube_prefs__  epyt-is-override  no-lazyload\" title=\"YouTube player\"  allow=\"fullscreen; accelerometer; autoplay; clipboard-write; encrypted-media; gyroscope; picture-in-picture; web-share\" referrerpolicy=\"strict-origin-when-cross-origin\" allowfullscreen data-no-lazy=\"1\" data-skipgform_ajax_framebjll=\"\"><\/iframe><\/div>\n<\/div><\/figure>\n\n\n\n<hr class=\"wp-block-separator\"\/>\n\n\n\n<p class=\"has-small-font-size wp-block-paragraph\"><strong>Over Filmleraar van het Jaar 2021<\/strong>   <\/p>\n\n\n\n<p class=\"has-small-font-size wp-block-paragraph\"><em>De Filmleraar van het Jaar geeft film een eigen plek binnen het onderwijs. Met deze verkiezing wordt meer aandacht gevraagd voor filmeducatie. Op 5 juli 2021 zijn de zes regionale winnaars (uit zowel basis- als voortgezet onderwijs) bekend. Tijdens de Nationale Onderwijsweek en het Nederlands Film Festival maakt, op 5 oktober (de Dag van de Leraar), de vakjury bekend welke drie van deze zes regionale winnaars doorgaan naar de finale. D\u00e9 Filmleraar van het Jaar 2021 wordt op 24 november bekendgemaakt, tijdens een feestelijk verkiezingsevent op het International Documentary Filmfestival Amsterdam.<\/em><\/p>\n\n\n\n<p class=\"has-small-font-size wp-block-paragraph\">Uit het Juryrapport: \u201c<em>Andr\u00e9&nbsp;is een filmleraar&nbsp;pur sang.&nbsp;Hij doet werkelijk alles met film. Hij gebruikt film ter vermaak, film om te inspireren, film ter ondersteuning van de&nbsp;vakinhoud, gebruikt film als verbindend middel, film om daarmee samenwerken&nbsp;te stimuleren. Andr\u00e9 heeft een duidelijk doel voor ogen: hij wil leerlingen filmvaardig maken zodat zij zelf leren zich uit te drukken middels film. Het is daarbij zeer bijzonder dat deze filmleraar in het basisonderwijs werkt. Dit kom je niet veel tegen.<\/em>\u201c<\/p>\n<div class=\"pvc_clear\"><\/div><p id=\"pvc_stats_16371\" class=\"pvc_stats all  \" data-element-id=\"16371\" style=\"\"><i class=\"pvc-stats-icon medium\" aria-hidden=\"true\"><svg aria-hidden=\"true\" focusable=\"false\" data-prefix=\"far\" data-icon=\"chart-bar\" role=\"img\" xmlns=\"http:\/\/www.w3.org\/2000\/svg\" viewBox=\"0 0 512 512\" class=\"svg-inline--fa fa-chart-bar fa-w-16 fa-2x\"><path fill=\"currentColor\" d=\"M396.8 352h22.4c6.4 0 12.8-6.4 12.8-12.8V108.8c0-6.4-6.4-12.8-12.8-12.8h-22.4c-6.4 0-12.8 6.4-12.8 12.8v230.4c0 6.4 6.4 12.8 12.8 12.8zm-192 0h22.4c6.4 0 12.8-6.4 12.8-12.8V140.8c0-6.4-6.4-12.8-12.8-12.8h-22.4c-6.4 0-12.8 6.4-12.8 12.8v198.4c0 6.4 6.4 12.8 12.8 12.8zm96 0h22.4c6.4 0 12.8-6.4 12.8-12.8V204.8c0-6.4-6.4-12.8-12.8-12.8h-22.4c-6.4 0-12.8 6.4-12.8 12.8v134.4c0 6.4 6.4 12.8 12.8 12.8zM496 400H48V80c0-8.84-7.16-16-16-16H16C7.16 64 0 71.16 0 80v336c0 17.67 14.33 32 32 32h464c8.84 0 16-7.16 16-16v-16c0-8.84-7.16-16-16-16zm-387.2-48h22.4c6.4 0 12.8-6.4 12.8-12.8v-70.4c0-6.4-6.4-12.8-12.8-12.8h-22.4c-6.4 0-12.8 6.4-12.8 12.8v70.4c0 6.4 6.4 12.8 12.8 12.8z\" class=\"\"><\/path><\/svg><\/i> <img decoding=\"async\" width=\"16\" height=\"16\" alt=\"Loading\" data-src=\"https:\/\/abroens.nl\/wordpress\/wp-content\/plugins\/page-views-count\/ajax-loader-2x.gif\" border=0 src=\"data:image\/svg+xml;base64,PHN2ZyB3aWR0aD0iMSIgaGVpZ2h0PSIxIiB4bWxucz0iaHR0cDovL3d3dy53My5vcmcvMjAwMC9zdmciPjwvc3ZnPg==\" class=\"lazyload\" style=\"--smush-placeholder-width: 16px; --smush-placeholder-aspect-ratio: 16\/16;\" \/><\/p><div class=\"pvc_clear\"><\/div>","protected":false},"excerpt":{"rendered":"<p>Leerlingen vertellen in hun eigen vlog over school. <\/p>\n<div class=\"pvc_clear\"><\/div>\n<p id=\"pvc_stats_16371\" class=\"pvc_stats all  \" data-element-id=\"16371\" style=\"\"><i class=\"pvc-stats-icon medium\" aria-hidden=\"true\"><svg aria-hidden=\"true\" focusable=\"false\" data-prefix=\"far\" data-icon=\"chart-bar\" role=\"img\" xmlns=\"http:\/\/www.w3.org\/2000\/svg\" viewBox=\"0 0 512 512\" class=\"svg-inline--fa fa-chart-bar fa-w-16 fa-2x\"><path fill=\"currentColor\" d=\"M396.8 352h22.4c6.4 0 12.8-6.4 12.8-12.8V108.8c0-6.4-6.4-12.8-12.8-12.8h-22.4c-6.4 0-12.8 6.4-12.8 12.8v230.4c0 6.4 6.4 12.8 12.8 12.8zm-192 0h22.4c6.4 0 12.8-6.4 12.8-12.8V140.8c0-6.4-6.4-12.8-12.8-12.8h-22.4c-6.4 0-12.8 6.4-12.8 12.8v198.4c0 6.4 6.4 12.8 12.8 12.8zm96 0h22.4c6.4 0 12.8-6.4 12.8-12.8V204.8c0-6.4-6.4-12.8-12.8-12.8h-22.4c-6.4 0-12.8 6.4-12.8 12.8v134.4c0 6.4 6.4 12.8 12.8 12.8zM496 400H48V80c0-8.84-7.16-16-16-16H16C7.16 64 0 71.16 0 80v336c0 17.67 14.33 32 32 32h464c8.84 0 16-7.16 16-16v-16c0-8.84-7.16-16-16-16zm-387.2-48h22.4c6.4 0 12.8-6.4 12.8-12.8v-70.4c0-6.4-6.4-12.8-12.8-12.8h-22.4c-6.4 0-12.8 6.4-12.8 12.8v70.4c0 6.4 6.4 12.8 12.8 12.8z\" class=\"\"><\/path><\/svg><\/i> <img decoding=\"async\" width=\"16\" height=\"16\" alt=\"Loading\" data-src=\"https:\/\/abroens.nl\/wordpress\/wp-content\/plugins\/page-views-count\/ajax-loader-2x.gif\" border=0 src=\"data:image\/svg+xml;base64,PHN2ZyB3aWR0aD0iMSIgaGVpZ2h0PSIxIiB4bWxucz0iaHR0cDovL3d3dy53My5vcmcvMjAwMC9zdmciPjwvc3ZnPg==\" class=\"lazyload\" style=\"--smush-placeholder-width: 16px; --smush-placeholder-aspect-ratio: 16\/16;\" \/><\/p>\n<div class=\"pvc_clear\"><\/div>\n","protected":false},"author":1,"featured_media":16551,"comment_status":"closed","ping_status":"closed","sticky":false,"template":"","format":"standard","meta":{"ngg_post_thumbnail":0,"footnotes":"","_links_to":"","_links_to_target":""},"categories":[276],"tags":[275],"class_list":["post-16371","post","type-post","status-publish","format-standard","has-post-thumbnail","hentry","category-filmleraar","tag-filmleraar","wpcat-276-id"],"a3_pvc":{"activated":true,"total_views":272,"today_views":0},"yoast_head":"<!-- This site is optimized with the Yoast SEO plugin v27.7 - https:\/\/yoast.com\/product\/yoast-seo-wordpress\/ -->\n<title>Vlog in de klas (Filmleraar) - vAnDre<\/title>\n<meta name=\"description\" content=\"Leerlingen vertellen in hun eigen vlog over school.\" \/>\n<meta name=\"robots\" content=\"index, follow, max-snippet:-1, max-image-preview:large, max-video-preview:-1\" \/>\n<link rel=\"canonical\" href=\"https:\/\/abroens.nl\/wordpress\/16371\/vlog-in-de-klas-filmleraar\/\" \/>\n<meta property=\"og:locale\" content=\"nl_NL\" \/>\n<meta property=\"og:type\" content=\"article\" \/>\n<meta property=\"og:title\" content=\"Vlog in de klas (Filmleraar) - vAnDre\" \/>\n<meta property=\"og:description\" content=\"Leerlingen vertellen in hun eigen vlog over school.\" \/>\n<meta property=\"og:url\" content=\"https:\/\/abroens.nl\/wordpress\/16371\/vlog-in-de-klas-filmleraar\/\" \/>\n<meta property=\"og:site_name\" content=\"vAnDre\" \/>\n<meta property=\"article:publisher\" content=\"https:\/\/www.facebook.com\/andre.broens.5\/\" \/>\n<meta property=\"article:published_time\" content=\"2021-07-14T06:12:50+00:00\" \/>\n<meta property=\"article:modified_time\" content=\"2021-08-22T16:11:55+00:00\" \/>\n<meta property=\"og:image\" content=\"https:\/\/abroens.nl\/wordpress\/wp-content\/uploads\/Filmleraar-vlog-lln-2.jpg\" \/>\n\t<meta property=\"og:image:width\" content=\"1920\" \/>\n\t<meta property=\"og:image:height\" content=\"1080\" \/>\n\t<meta property=\"og:image:type\" content=\"image\/jpeg\" \/>\n<meta name=\"author\" content=\"Andr\u00e9 Broens\" \/>\n<meta name=\"twitter:label1\" content=\"Geschreven door\" \/>\n\t<meta name=\"twitter:data1\" content=\"Andr\u00e9 Broens\" \/>\n\t<meta name=\"twitter:label2\" content=\"Geschatte leestijd\" \/>\n\t<meta name=\"twitter:data2\" content=\"2 minuten\" \/>\n<script type=\"application\/ld+json\" class=\"yoast-schema-graph\">{\"@context\":\"https:\\\/\\\/schema.org\",\"@graph\":[{\"@type\":\"Article\",\"@id\":\"https:\\\/\\\/abroens.nl\\\/wordpress\\\/16371\\\/vlog-in-de-klas-filmleraar\\\/#article\",\"isPartOf\":{\"@id\":\"https:\\\/\\\/abroens.nl\\\/wordpress\\\/16371\\\/vlog-in-de-klas-filmleraar\\\/\"},\"author\":{\"name\":\"Andr\u00e9 Broens\",\"@id\":\"https:\\\/\\\/abroens.nl\\\/wordpress\\\/#\\\/schema\\\/person\\\/11f7d4ca203c5142d7ab5eb77294b063\"},\"headline\":\"Vlog in de klas (Filmleraar)\",\"datePublished\":\"2021-07-14T06:12:50+00:00\",\"dateModified\":\"2021-08-22T16:11:55+00:00\",\"mainEntityOfPage\":{\"@id\":\"https:\\\/\\\/abroens.nl\\\/wordpress\\\/16371\\\/vlog-in-de-klas-filmleraar\\\/\"},\"wordCount\":316,\"publisher\":{\"@id\":\"https:\\\/\\\/abroens.nl\\\/wordpress\\\/#organization\"},\"image\":{\"@id\":\"https:\\\/\\\/abroens.nl\\\/wordpress\\\/16371\\\/vlog-in-de-klas-filmleraar\\\/#primaryimage\"},\"thumbnailUrl\":\"https:\\\/\\\/abroens.nl\\\/wordpress\\\/wp-content\\\/uploads\\\/Filmleraar-vlog-lln-2.jpg\",\"keywords\":[\"filmleraar\"],\"articleSection\":[\"Filmleraar\"],\"inLanguage\":\"nl-NL\"},{\"@type\":\"WebPage\",\"@id\":\"https:\\\/\\\/abroens.nl\\\/wordpress\\\/16371\\\/vlog-in-de-klas-filmleraar\\\/\",\"url\":\"https:\\\/\\\/abroens.nl\\\/wordpress\\\/16371\\\/vlog-in-de-klas-filmleraar\\\/\",\"name\":\"Vlog in de klas (Filmleraar) - vAnDre\",\"isPartOf\":{\"@id\":\"https:\\\/\\\/abroens.nl\\\/wordpress\\\/#website\"},\"primaryImageOfPage\":{\"@id\":\"https:\\\/\\\/abroens.nl\\\/wordpress\\\/16371\\\/vlog-in-de-klas-filmleraar\\\/#primaryimage\"},\"image\":{\"@id\":\"https:\\\/\\\/abroens.nl\\\/wordpress\\\/16371\\\/vlog-in-de-klas-filmleraar\\\/#primaryimage\"},\"thumbnailUrl\":\"https:\\\/\\\/abroens.nl\\\/wordpress\\\/wp-content\\\/uploads\\\/Filmleraar-vlog-lln-2.jpg\",\"datePublished\":\"2021-07-14T06:12:50+00:00\",\"dateModified\":\"2021-08-22T16:11:55+00:00\",\"description\":\"Leerlingen vertellen in hun eigen vlog over school.\",\"breadcrumb\":{\"@id\":\"https:\\\/\\\/abroens.nl\\\/wordpress\\\/16371\\\/vlog-in-de-klas-filmleraar\\\/#breadcrumb\"},\"inLanguage\":\"nl-NL\",\"potentialAction\":[{\"@type\":\"ReadAction\",\"target\":[\"https:\\\/\\\/abroens.nl\\\/wordpress\\\/16371\\\/vlog-in-de-klas-filmleraar\\\/\"]}]},{\"@type\":\"ImageObject\",\"inLanguage\":\"nl-NL\",\"@id\":\"https:\\\/\\\/abroens.nl\\\/wordpress\\\/16371\\\/vlog-in-de-klas-filmleraar\\\/#primaryimage\",\"url\":\"https:\\\/\\\/abroens.nl\\\/wordpress\\\/wp-content\\\/uploads\\\/Filmleraar-vlog-lln-2.jpg\",\"contentUrl\":\"https:\\\/\\\/abroens.nl\\\/wordpress\\\/wp-content\\\/uploads\\\/Filmleraar-vlog-lln-2.jpg\",\"width\":1920,\"height\":1080},{\"@type\":\"BreadcrumbList\",\"@id\":\"https:\\\/\\\/abroens.nl\\\/wordpress\\\/16371\\\/vlog-in-de-klas-filmleraar\\\/#breadcrumb\",\"itemListElement\":[{\"@type\":\"ListItem\",\"position\":1,\"name\":\"Home\",\"item\":\"https:\\\/\\\/abroens.nl\\\/wordpress\\\/category\\\/thebestof\\\/\"},{\"@type\":\"ListItem\",\"position\":2,\"name\":\"Vlog in de klas (Filmleraar)\"}]},{\"@type\":\"WebSite\",\"@id\":\"https:\\\/\\\/abroens.nl\\\/wordpress\\\/#website\",\"url\":\"https:\\\/\\\/abroens.nl\\\/wordpress\\\/\",\"name\":\"vAnDre\",\"description\":\"Kunst, onderwijs en goede muziek\",\"publisher\":{\"@id\":\"https:\\\/\\\/abroens.nl\\\/wordpress\\\/#organization\"},\"potentialAction\":[{\"@type\":\"SearchAction\",\"target\":{\"@type\":\"EntryPoint\",\"urlTemplate\":\"https:\\\/\\\/abroens.nl\\\/wordpress\\\/?s={search_term_string}\"},\"query-input\":{\"@type\":\"PropertyValueSpecification\",\"valueRequired\":true,\"valueName\":\"search_term_string\"}}],\"inLanguage\":\"nl-NL\"},{\"@type\":\"Organization\",\"@id\":\"https:\\\/\\\/abroens.nl\\\/wordpress\\\/#organization\",\"name\":\"vAnDr\u00e9\",\"url\":\"https:\\\/\\\/abroens.nl\\\/wordpress\\\/\",\"logo\":{\"@type\":\"ImageObject\",\"inLanguage\":\"nl-NL\",\"@id\":\"https:\\\/\\\/abroens.nl\\\/wordpress\\\/#\\\/schema\\\/logo\\\/image\\\/\",\"url\":\"https:\\\/\\\/abroens.nl\\\/wordpress\\\/wp-content\\\/uploads\\\/Logo.jpg\",\"contentUrl\":\"https:\\\/\\\/abroens.nl\\\/wordpress\\\/wp-content\\\/uploads\\\/Logo.jpg\",\"width\":714,\"height\":388,\"caption\":\"vAnDr\u00e9\"},\"image\":{\"@id\":\"https:\\\/\\\/abroens.nl\\\/wordpress\\\/#\\\/schema\\\/logo\\\/image\\\/\"},\"sameAs\":[\"https:\\\/\\\/www.facebook.com\\\/andre.broens.5\\\/\",\"https:\\\/\\\/x.com\\\/abroens\",\"https:\\\/\\\/www.instagram.com\\\/andrebroens\\\/\",\"https:\\\/\\\/www.linkedin.com\\\/in\\\/andrebroens\\\/\",\"https:\\\/\\\/nl.pinterest.com\\\/andrebroens\\\/\",\"https:\\\/\\\/www.youtube.com\\\/c\\\/andrebroens\"]},{\"@type\":\"Person\",\"@id\":\"https:\\\/\\\/abroens.nl\\\/wordpress\\\/#\\\/schema\\\/person\\\/11f7d4ca203c5142d7ab5eb77294b063\",\"name\":\"Andr\u00e9 Broens\",\"image\":{\"@type\":\"ImageObject\",\"inLanguage\":\"nl-NL\",\"@id\":\"https:\\\/\\\/secure.gravatar.com\\\/avatar\\\/6fb887998651884864e6092b4611a1ab4c2cd1e086a6671446d2aac199e40542?s=96&d=mm&r=g\",\"url\":\"https:\\\/\\\/secure.gravatar.com\\\/avatar\\\/6fb887998651884864e6092b4611a1ab4c2cd1e086a6671446d2aac199e40542?s=96&d=mm&r=g\",\"contentUrl\":\"https:\\\/\\\/secure.gravatar.com\\\/avatar\\\/6fb887998651884864e6092b4611a1ab4c2cd1e086a6671446d2aac199e40542?s=96&d=mm&r=g\",\"caption\":\"Andr\u00e9 Broens\"},\"sameAs\":[\"http:\\\/\\\/www.abroens.nl\"]}]}<\/script>\n<!-- \/ Yoast SEO plugin. -->","yoast_head_json":{"title":"Vlog in de klas (Filmleraar) - vAnDre","description":"Leerlingen vertellen in hun eigen vlog over school.","robots":{"index":"index","follow":"follow","max-snippet":"max-snippet:-1","max-image-preview":"max-image-preview:large","max-video-preview":"max-video-preview:-1"},"canonical":"https:\/\/abroens.nl\/wordpress\/16371\/vlog-in-de-klas-filmleraar\/","og_locale":"nl_NL","og_type":"article","og_title":"Vlog in de klas (Filmleraar) - vAnDre","og_description":"Leerlingen vertellen in hun eigen vlog over school.","og_url":"https:\/\/abroens.nl\/wordpress\/16371\/vlog-in-de-klas-filmleraar\/","og_site_name":"vAnDre","article_publisher":"https:\/\/www.facebook.com\/andre.broens.5\/","article_published_time":"2021-07-14T06:12:50+00:00","article_modified_time":"2021-08-22T16:11:55+00:00","og_image":[{"width":1920,"height":1080,"url":"https:\/\/abroens.nl\/wordpress\/wp-content\/uploads\/Filmleraar-vlog-lln-2.jpg","type":"image\/jpeg"}],"author":"Andr\u00e9 Broens","twitter_misc":{"Geschreven door":"Andr\u00e9 Broens","Geschatte leestijd":"2 minuten"},"schema":{"@context":"https:\/\/schema.org","@graph":[{"@type":"Article","@id":"https:\/\/abroens.nl\/wordpress\/16371\/vlog-in-de-klas-filmleraar\/#article","isPartOf":{"@id":"https:\/\/abroens.nl\/wordpress\/16371\/vlog-in-de-klas-filmleraar\/"},"author":{"name":"Andr\u00e9 Broens","@id":"https:\/\/abroens.nl\/wordpress\/#\/schema\/person\/11f7d4ca203c5142d7ab5eb77294b063"},"headline":"Vlog in de klas (Filmleraar)","datePublished":"2021-07-14T06:12:50+00:00","dateModified":"2021-08-22T16:11:55+00:00","mainEntityOfPage":{"@id":"https:\/\/abroens.nl\/wordpress\/16371\/vlog-in-de-klas-filmleraar\/"},"wordCount":316,"publisher":{"@id":"https:\/\/abroens.nl\/wordpress\/#organization"},"image":{"@id":"https:\/\/abroens.nl\/wordpress\/16371\/vlog-in-de-klas-filmleraar\/#primaryimage"},"thumbnailUrl":"https:\/\/abroens.nl\/wordpress\/wp-content\/uploads\/Filmleraar-vlog-lln-2.jpg","keywords":["filmleraar"],"articleSection":["Filmleraar"],"inLanguage":"nl-NL"},{"@type":"WebPage","@id":"https:\/\/abroens.nl\/wordpress\/16371\/vlog-in-de-klas-filmleraar\/","url":"https:\/\/abroens.nl\/wordpress\/16371\/vlog-in-de-klas-filmleraar\/","name":"Vlog in de klas (Filmleraar) - vAnDre","isPartOf":{"@id":"https:\/\/abroens.nl\/wordpress\/#website"},"primaryImageOfPage":{"@id":"https:\/\/abroens.nl\/wordpress\/16371\/vlog-in-de-klas-filmleraar\/#primaryimage"},"image":{"@id":"https:\/\/abroens.nl\/wordpress\/16371\/vlog-in-de-klas-filmleraar\/#primaryimage"},"thumbnailUrl":"https:\/\/abroens.nl\/wordpress\/wp-content\/uploads\/Filmleraar-vlog-lln-2.jpg","datePublished":"2021-07-14T06:12:50+00:00","dateModified":"2021-08-22T16:11:55+00:00","description":"Leerlingen vertellen in hun eigen vlog over school.","breadcrumb":{"@id":"https:\/\/abroens.nl\/wordpress\/16371\/vlog-in-de-klas-filmleraar\/#breadcrumb"},"inLanguage":"nl-NL","potentialAction":[{"@type":"ReadAction","target":["https:\/\/abroens.nl\/wordpress\/16371\/vlog-in-de-klas-filmleraar\/"]}]},{"@type":"ImageObject","inLanguage":"nl-NL","@id":"https:\/\/abroens.nl\/wordpress\/16371\/vlog-in-de-klas-filmleraar\/#primaryimage","url":"https:\/\/abroens.nl\/wordpress\/wp-content\/uploads\/Filmleraar-vlog-lln-2.jpg","contentUrl":"https:\/\/abroens.nl\/wordpress\/wp-content\/uploads\/Filmleraar-vlog-lln-2.jpg","width":1920,"height":1080},{"@type":"BreadcrumbList","@id":"https:\/\/abroens.nl\/wordpress\/16371\/vlog-in-de-klas-filmleraar\/#breadcrumb","itemListElement":[{"@type":"ListItem","position":1,"name":"Home","item":"https:\/\/abroens.nl\/wordpress\/category\/thebestof\/"},{"@type":"ListItem","position":2,"name":"Vlog in de klas (Filmleraar)"}]},{"@type":"WebSite","@id":"https:\/\/abroens.nl\/wordpress\/#website","url":"https:\/\/abroens.nl\/wordpress\/","name":"vAnDre","description":"Kunst, onderwijs en goede muziek","publisher":{"@id":"https:\/\/abroens.nl\/wordpress\/#organization"},"potentialAction":[{"@type":"SearchAction","target":{"@type":"EntryPoint","urlTemplate":"https:\/\/abroens.nl\/wordpress\/?s={search_term_string}"},"query-input":{"@type":"PropertyValueSpecification","valueRequired":true,"valueName":"search_term_string"}}],"inLanguage":"nl-NL"},{"@type":"Organization","@id":"https:\/\/abroens.nl\/wordpress\/#organization","name":"vAnDr\u00e9","url":"https:\/\/abroens.nl\/wordpress\/","logo":{"@type":"ImageObject","inLanguage":"nl-NL","@id":"https:\/\/abroens.nl\/wordpress\/#\/schema\/logo\/image\/","url":"https:\/\/abroens.nl\/wordpress\/wp-content\/uploads\/Logo.jpg","contentUrl":"https:\/\/abroens.nl\/wordpress\/wp-content\/uploads\/Logo.jpg","width":714,"height":388,"caption":"vAnDr\u00e9"},"image":{"@id":"https:\/\/abroens.nl\/wordpress\/#\/schema\/logo\/image\/"},"sameAs":["https:\/\/www.facebook.com\/andre.broens.5\/","https:\/\/x.com\/abroens","https:\/\/www.instagram.com\/andrebroens\/","https:\/\/www.linkedin.com\/in\/andrebroens\/","https:\/\/nl.pinterest.com\/andrebroens\/","https:\/\/www.youtube.com\/c\/andrebroens"]},{"@type":"Person","@id":"https:\/\/abroens.nl\/wordpress\/#\/schema\/person\/11f7d4ca203c5142d7ab5eb77294b063","name":"Andr\u00e9 Broens","image":{"@type":"ImageObject","inLanguage":"nl-NL","@id":"https:\/\/secure.gravatar.com\/avatar\/6fb887998651884864e6092b4611a1ab4c2cd1e086a6671446d2aac199e40542?s=96&d=mm&r=g","url":"https:\/\/secure.gravatar.com\/avatar\/6fb887998651884864e6092b4611a1ab4c2cd1e086a6671446d2aac199e40542?s=96&d=mm&r=g","contentUrl":"https:\/\/secure.gravatar.com\/avatar\/6fb887998651884864e6092b4611a1ab4c2cd1e086a6671446d2aac199e40542?s=96&d=mm&r=g","caption":"Andr\u00e9 Broens"},"sameAs":["http:\/\/www.abroens.nl"]}]}},"_links":{"self":[{"href":"https:\/\/abroens.nl\/wordpress\/wp-json\/wp\/v2\/posts\/16371","targetHints":{"allow":["GET"]}}],"collection":[{"href":"https:\/\/abroens.nl\/wordpress\/wp-json\/wp\/v2\/posts"}],"about":[{"href":"https:\/\/abroens.nl\/wordpress\/wp-json\/wp\/v2\/types\/post"}],"author":[{"embeddable":true,"href":"https:\/\/abroens.nl\/wordpress\/wp-json\/wp\/v2\/users\/1"}],"replies":[{"embeddable":true,"href":"https:\/\/abroens.nl\/wordpress\/wp-json\/wp\/v2\/comments?post=16371"}],"version-history":[{"count":5,"href":"https:\/\/abroens.nl\/wordpress\/wp-json\/wp\/v2\/posts\/16371\/revisions"}],"predecessor-version":[{"id":16891,"href":"https:\/\/abroens.nl\/wordpress\/wp-json\/wp\/v2\/posts\/16371\/revisions\/16891"}],"wp:featuredmedia":[{"embeddable":true,"href":"https:\/\/abroens.nl\/wordpress\/wp-json\/wp\/v2\/media\/16551"}],"wp:attachment":[{"href":"https:\/\/abroens.nl\/wordpress\/wp-json\/wp\/v2\/media?parent=16371"}],"wp:term":[{"taxonomy":"category","embeddable":true,"href":"https:\/\/abroens.nl\/wordpress\/wp-json\/wp\/v2\/categories?post=16371"},{"taxonomy":"post_tag","embeddable":true,"href":"https:\/\/abroens.nl\/wordpress\/wp-json\/wp\/v2\/tags?post=16371"}],"curies":[{"name":"wp","href":"https:\/\/api.w.org\/{rel}","templated":true}]}}